{"id":13974,"date":"2024-01-15T02:40:16","date_gmt":"2024-01-15T01:40:16","guid":{"rendered":"https:\/\/aselegk.com\/?p=13974"},"modified":"2024-01-29T03:38:50","modified_gmt":"2024-01-29T02:38:50","slug":"cafe-genlanda-2","status":"publish","type":"post","link":"https:\/\/aselegk.com\/?p=13974","title":{"rendered":"Caf\u00e9 Genlanda"},"content":{"rendered":"<p>[et_pb_section fb_built=&#8221;1&#8243; _builder_version=&#8221;4.16&#8243; custom_padding=&#8221;10px|||||&#8221; global_colors_info=&#8221;{}&#8221;][et_pb_row column_structure=&#8221;1_4,1_2,1_4&#8243; _builder_version=&#8221;4.23.4&#8243; background_size=&#8221;initial&#8221; background_position=&#8221;top_left&#8221; background_repeat=&#8221;repeat&#8221; global_colors_info=&#8221;{}&#8221;][et_pb_column type=&#8221;1_4&#8243; _builder_version=&#8221;4.16&#8243; custom_padding=&#8221;|||&#8221; global_colors_info=&#8221;{}&#8221; custom_padding__hover=&#8221;|||&#8221;][et_pb_image src=&#8221;https:\/\/aselegk.com\/wp-content\/uploads\/2015\/05\/1073988314.jpg&#8221; title_text=&#8221;1073988314&#8243; _builder_version=&#8221;4.23.4&#8243; _module_preset=&#8221;default&#8221; custom_margin=&#8221;||6px|||&#8221; global_colors_info=&#8221;{}&#8221;][\/et_pb_image][\/et_pb_column][et_pb_column type=&#8221;1_2&#8243; _builder_version=&#8221;4.23.4&#8243; custom_padding=&#8221;|||&#8221; border_color_all=&#8221;#b2b2b2&#8243; global_colors_info=&#8221;{}&#8221; custom_padding__hover=&#8221;|||&#8221;][et_pb_post_title meta=&#8221;off&#8221; featured_image=&#8221;off&#8221; _builder_version=&#8221;4.23.4&#8243; _module_preset=&#8221;default&#8221; global_colors_info=&#8221;{}&#8221;][\/et_pb_post_title][et_pb_text _builder_version=&#8221;4.23.4&#8243; background_size=&#8221;initial&#8221; background_position=&#8221;top_left&#8221; background_repeat=&#8221;repeat&#8221; global_colors_info=&#8221;{}&#8221;]<\/p>\n<div dir=\"auto\">Som ni s\u00e4kert redan vet har vi under de senaste \u00e5ren haft f\u00f6rm\u00e5nen att ha drivna ungdomar som tagit hand om Caf\u00e9 Genlanda p\u00e5 ett fantastiskt s\u00e4tt. Nu s\u00f6ker vi n\u00e5gon som vill ta chansen att driva kaf\u00e9et som en m\u00f6tesplats fylld med god mat och trevliga stunder, inte bara f\u00f6r v\u00e5ra golfare utan \u00e4ven f\u00f6r alla som vill njuta den vackra milj\u00f6n kring golfklubben.<\/div>\n<div dir=\"auto\">\u00a0<\/div>\n<div dir=\"auto\">Om du \u00e4r intresserad eller har f\u00f6rslag, tveka inte att kontakta Maggan Hansson f\u00f6r mer information p\u00e5 070 217 09 67.<\/div>\n<p>Golfsimulatorn finns p\u00e5 l\u00e4ktaren i sporthallen, f\u00f6r bokning och mer information ta kontakt med Anders Westman 070 662 22 76.<\/p>\n<p>[\/et_pb_text][\/et_pb_column][et_pb_column type=&#8221;1_4&#8243; _builder_version=&#8221;4.23.4&#8243; background_color=&#8221;#f9f9f9&#8243; custom_padding=&#8221;|||&#8221; custom_css_main_element=&#8221;border-top: 5px solid #4d8c1a;||border-bottom: 5px solid #4d8c1a;||border-left: 1px solid #4d8c1a;||border-right: 1px solid #4d8c1a;||border-radius: 10px;||background: #ffffff;||box-shadow: 4px 4px 9px rgba(2,2,2,0.1);&#8221; border_width_left=&#8221;1px&#8221; border_color_left=&#8221;#777777&#8243; border_style_left=&#8221;dotted&#8221; global_colors_info=&#8221;{}&#8221; custom_padding__hover=&#8221;|||&#8221;][et_pb_text _builder_version=&#8221;4.23.4&#8243; _module_preset=&#8221;default&#8221; header_3_font=&#8221;Alegreya|600|on||||||&#8221; header_3_text_align=&#8221;center&#8221; header_3_text_color=&#8221;#FFFFFF&#8221; background_color=&#8221;#4d8c1a&#8221; custom_margin=&#8221;||||false|false&#8221; custom_padding=&#8221;5px||||false|false&#8221; global_colors_info=&#8221;{}&#8221;]<\/p>\n<h3 style=\"text-align: center;\">Ytterligare nyheter<\/h3>\n<p>[\/et_pb_text][et_pb_blog posts_number=&#8221;5&#8243; include_categories=&#8221;2&#8243; meta_date=&#8221;j F, Y&#8221; show_thumbnail=&#8221;off&#8221; use_manual_excerpt=&#8221;off&#8221; excerpt_length=&#8221;0&#8243; show_author=&#8221;off&#8221; show_categories=&#8221;off&#8221; show_excerpt=&#8221;off&#8221; show_pagination=&#8221;off&#8221; offset_number=&#8221;3&#8243; _builder_version=&#8221;4.23.4&#8243; _module_preset=&#8221;default&#8221; header_level=&#8221;h6&#8243; header_font=&#8221;|600|on||||||&#8221; header_text_color=&#8221;#7a7a7a&#8221; header_font_size=&#8221;15px&#8221; header_line_height=&#8221;1.5em&#8221; meta_font=&#8221;||on||||||&#8221; meta_text_color=&#8221;#b5b5b5&#8243; meta_font_size=&#8221;10px&#8221; meta_line_height=&#8221;1em&#8221; background_enable_color=&#8221;off&#8221; custom_margin=&#8221;10px||10px||false|false&#8221; custom_padding=&#8221;|10px||10px|false|false&#8221; border_color_all_fullwidth=&#8221;#8e8e8e&#8221; border_color_top_fullwidth=&#8221;#a5a5a5&#8243; border_style_top_fullwidth=&#8221;dotted&#8221; border_width_bottom_fullwidth=&#8221;1px&#8221; border_color_bottom_fullwidth=&#8221;#9b9b9b&#8221; border_style_bottom_fullwidth=&#8221;dotted&#8221; global_colors_info=&#8221;{}&#8221;][\/et_pb_blog][\/et_pb_column][\/et_pb_row][\/et_pb_section]<\/p>\n","protected":false},"excerpt":{"rendered":"<p>Som ni s\u00e4kert redan vet har vi under de senaste \u00e5ren haft f\u00f6rm\u00e5nen att ha drivna ungdomar som tagit hand om Caf\u00e9 Genlanda p\u00e5 ett fantastiskt s\u00e4tt. Nu s\u00f6ker vi n\u00e5gon som vill ta chansen att driva kaf\u00e9et som en m\u00f6tesplats fylld med god mat och trevliga stunder, inte bara f\u00f6r v\u00e5ra golfare utan \u00e4ven [&hellip;]<\/p>\n","protected":false},"author":544492,"featured_media":11208,"comment_status":"closed","ping_status":"closed","sticky":false,"template":"","format":"standard","meta":{"_et_pb_use_builder":"on","_et_pb_old_content":"","_et_gb_content_width":"","footnotes":""},"categories":[2],"tags":[],"class_list":["post-13974","post","type-post","status-publish","format-standard","has-post-thumbnail","hentry","category-nyheter"],"_links":{"self":[{"href":"https:\/\/aselegk.com\/index.php?rest_route=\/wp\/v2\/posts\/13974","targetHints":{"allow":["GET"]}}],"collection":[{"href":"https:\/\/aselegk.com\/index.php?rest_route=\/wp\/v2\/posts"}],"about":[{"href":"https:\/\/aselegk.com\/index.php?rest_route=\/wp\/v2\/types\/post"}],"author":[{"embeddable":true,"href":"https:\/\/aselegk.com\/index.php?rest_route=\/wp\/v2\/users\/544492"}],"replies":[{"embeddable":true,"href":"https:\/\/aselegk.com\/index.php?rest_route=%2Fwp%2Fv2%2Fcomments&post=13974"}],"version-history":[{"count":5,"href":"https:\/\/aselegk.com\/index.php?rest_route=\/wp\/v2\/posts\/13974\/revisions"}],"predecessor-version":[{"id":13982,"href":"https:\/\/aselegk.com\/index.php?rest_route=\/wp\/v2\/posts\/13974\/revisions\/13982"}],"wp:featuredmedia":[{"embeddable":true,"href":"https:\/\/aselegk.com\/index.php?rest_route=\/wp\/v2\/media\/11208"}],"wp:attachment":[{"href":"https:\/\/aselegk.com\/index.php?rest_route=%2Fwp%2Fv2%2Fmedia&parent=13974"}],"wp:term":[{"taxonomy":"category","embeddable":true,"href":"https:\/\/aselegk.com\/index.php?rest_route=%2Fwp%2Fv2%2Fcategories&post=13974"},{"taxonomy":"post_tag","embeddable":true,"href":"https:\/\/aselegk.com\/index.php?rest_route=%2Fwp%2Fv2%2Ftags&post=13974"}],"curies":[{"name":"wp","href":"https:\/\/api.w.org\/{rel}","templated":true}]}}